{"id":1560,"date":"2024-05-06T17:54:10","date_gmt":"2024-05-06T16:54:10","guid":{"rendered":"https:\/\/rekersmegens.nl\/fietstochten_jan\/?p=1560"},"modified":"2024-05-06T18:00:52","modified_gmt":"2024-05-06T17:00:52","slug":"6-mei-bijna-gestopt","status":"publish","type":"post","link":"https:\/\/rekersmegens.nl\/fietstochten_jan\/6-mei-bijna-gestopt\/","title":{"rendered":"6 mei. Bijna gestopt"},"content":{"rendered":"\n<p class=\"wp-block-paragraph\">Ik zit er een beetje doorheen. Vooral omdat ongeveer al mijn kleren en slaapzak vochtig, klam en koud zijn en ook nog stinken. Het heeft de hele nacht geregend en blijft vandaag ook regenen, dus iets droog krijgen zit er niet in. Zo is er geen donder aan kamperen en fietsen.<\/p>\n\n\n\n<figure class=\"wp-block-image size-large\"><img loading=\"lazy\" decoding=\"async\" width=\"876\" height=\"1000\" src=\"https:\/\/rekersmegens.nl\/fietstochten_jan\/wp-content\/uploads\/2024\/05\/screenshot_20240506-094323_buienradar6375226397754099073.jpg\" alt=\"\" class=\"wp-image-1550\" srcset=\"https:\/\/rekersmegens.nl\/fietstochten_jan\/wp-content\/uploads\/2024\/05\/screenshot_20240506-094323_buienradar6375226397754099073.jpg 876w, https:\/\/rekersmegens.nl\/fietstochten_jan\/wp-content\/uploads\/2024\/05\/screenshot_20240506-094323_buienradar6375226397754099073-263x300.jpg 263w, https:\/\/rekersmegens.nl\/fietstochten_jan\/wp-content\/uploads\/2024\/05\/screenshot_20240506-094323_buienradar6375226397754099073-768x877.jpg 768w\" sizes=\"auto, (max-width: 876px) 100vw, 876px\" \/><\/figure>\n\n\n\n<p class=\"wp-block-paragraph\">Ik put hoop uit twee zaken: 1) er zit op 40 a 50 km afstand een sjieke, door Nederlanders gerunde, camping waar ze hopelijk een wasmachine en een cabin hebben. 2) de voorspelling is dat dit de laatste dag van de regen is, daarna wordt het beter. Als dat beide zo uitkomt dan ga ik door met deze tocht, anders stop ik ermee en neem in Langres de trein naar huis. Maar om dat plan te laten slagen wordt het vandaag wel fietsen met regenpak aan, en de route belooft behoorlijk veel klimmen en dalen om bij die camping te komen. En ik zal mijn tent kletsnat moeten inpakken om hier weg te komen.<\/p>\n\n\n\n<figure class=\"wp-block-image size-large\"><img loading=\"lazy\" decoding=\"async\" width=\"1000\" height=\"750\" src=\"https:\/\/rekersmegens.nl\/fietstochten_jan\/wp-content\/uploads\/2024\/05\/20240506_1003276087885258489268736.jpg\" alt=\"\" class=\"wp-image-1551\" srcset=\"https:\/\/rekersmegens.nl\/fietstochten_jan\/wp-content\/uploads\/2024\/05\/20240506_1003276087885258489268736.jpg 1000w, https:\/\/rekersmegens.nl\/fietstochten_jan\/wp-content\/uploads\/2024\/05\/20240506_1003276087885258489268736-300x225.jpg 300w, https:\/\/rekersmegens.nl\/fietstochten_jan\/wp-content\/uploads\/2024\/05\/20240506_1003276087885258489268736-768x576.jpg 768w\" sizes=\"auto, (max-width: 1000px) 100vw, 1000px\" \/><\/figure>\n\n\n\n<p class=\"wp-block-paragraph\">Maar, Jan, er gaat ook veel goed! Je lijf kan de inspanningen van de afgelopen anderhalve week goed aan, je materiaal (fiets, tent, tassen, kookspullen, regenkleding, telefoon, apps, route, &#8230;) werkt perfect, je zit hier onder een afdakje lekker te ontbijten, het is mei en je bent in Frankrijk, je hebt geld genoeg om de&nbsp; problemen op te lossen, je kunt ook stoppen en naar een fijn huis teruggaan. Ik denk namelijk best veel aan die arme soldaten die hier in de modderige loopgraven lagen, en al die voordelen niet hadden.<\/p>\n\n\n\n<p class=\"wp-block-paragraph\">Ik krijg ondertussen aardige berichtjes van Sanne, Lucia en Bart die met me meeleven, maar nog niet weten dat het me nu wel heel zwaar valt. Toch is dat wel erg leuk aan het schrijven dit blogje, dat ik mijn vrienden en familie kan meenemen en dat jullie met me meeleven.<\/p>\n\n\n\n<p class=\"wp-block-paragraph\">Na een lange klim in de regen kom ik op een hoogvlakte waarvan Benjaminse opmerkte dat hij hoopte dat de fietsers hier wind mee zouden hebben. Ik heb dat helaas niet, hij recht tegen uit het zuiden. Maar door die zuidenwind kom ik wel sneller uit de regen, hoop ik.<\/p>\n\n\n\n<figure class=\"wp-block-image size-large\"><img loading=\"lazy\" decoding=\"async\" width=\"1000\" height=\"750\" src=\"https:\/\/rekersmegens.nl\/fietstochten_jan\/wp-content\/uploads\/2024\/05\/dsc013271618196853907451833.jpg\" alt=\"\" class=\"wp-image-1552\" srcset=\"https:\/\/rekersmegens.nl\/fietstochten_jan\/wp-content\/uploads\/2024\/05\/dsc013271618196853907451833.jpg 1000w, https:\/\/rekersmegens.nl\/fietstochten_jan\/wp-content\/uploads\/2024\/05\/dsc013271618196853907451833-300x225.jpg 300w, https:\/\/rekersmegens.nl\/fietstochten_jan\/wp-content\/uploads\/2024\/05\/dsc013271618196853907451833-768x576.jpg 768w\" sizes=\"auto, (max-width: 1000px) 100vw, 1000px\" \/><figcaption class=\"wp-element-caption\">Hoogvlakte met windmolens, allemaal naar het zuiden gericht<\/figcaption><\/figure>\n\n\n\n<p class=\"wp-block-paragraph\">Je ziet hier heel veel huizen\/ boerderijen met dezelfde opzet: een langsgevel met een grote schuurdeur en een miniscule, donkere woning ernaast. Vaak opslag boven. Dat is blijkbaar de typische architectuur van deze streek.<\/p>\n\n\n\n<figure class=\"wp-block-image size-large\"><img loading=\"lazy\" decoding=\"async\" width=\"1000\" height=\"750\" src=\"https:\/\/rekersmegens.nl\/fietstochten_jan\/wp-content\/uploads\/2024\/05\/dsc013296575303688325001326.jpg\" alt=\"\" class=\"wp-image-1553\" srcset=\"https:\/\/rekersmegens.nl\/fietstochten_jan\/wp-content\/uploads\/2024\/05\/dsc013296575303688325001326.jpg 1000w, https:\/\/rekersmegens.nl\/fietstochten_jan\/wp-content\/uploads\/2024\/05\/dsc013296575303688325001326-300x225.jpg 300w, https:\/\/rekersmegens.nl\/fietstochten_jan\/wp-content\/uploads\/2024\/05\/dsc013296575303688325001326-768x576.jpg 768w\" sizes=\"auto, (max-width: 1000px) 100vw, 1000px\" \/><\/figure>\n\n\n\n<figure class=\"wp-block-image size-large\"><img loading=\"lazy\" decoding=\"async\" width=\"1000\" height=\"750\" src=\"https:\/\/rekersmegens.nl\/fietstochten_jan\/wp-content\/uploads\/2024\/05\/dsc013315286885984810676866.jpg\" alt=\"\" class=\"wp-image-1554\" srcset=\"https:\/\/rekersmegens.nl\/fietstochten_jan\/wp-content\/uploads\/2024\/05\/dsc013315286885984810676866.jpg 1000w, https:\/\/rekersmegens.nl\/fietstochten_jan\/wp-content\/uploads\/2024\/05\/dsc013315286885984810676866-300x225.jpg 300w, https:\/\/rekersmegens.nl\/fietstochten_jan\/wp-content\/uploads\/2024\/05\/dsc013315286885984810676866-768x576.jpg 768w\" sizes=\"auto, (max-width: 1000px) 100vw, 1000px\" \/><\/figure>\n\n\n\n<p class=\"wp-block-paragraph\">Halverwege mijn tocht kom ik in het stadje Grand, waar een romeins amphitheater moet staan en een grote romeins moza\u00efek expositie. Ik ben meer ge\u00efnteresseerd in het caf\u00e9 met sterke hete koffie en een stuk rabarber taart. Er wordt hier gepraat, gelachen, gezoend en al stevig gedronken. Ik kom een beetje bij, het is toch leuk om in Frankrijk te zijn. Ik laat me nog sandwiches maken om mee te nemen, stukken stokbrood met pat\u00e9 en augurken.<\/p>\n\n\n\n<p class=\"wp-block-paragraph\">Een km of vijf voor mijn beoogde camping kom ik door het stadje Reynel die zijn prachtige stadspoort behouden heeft. Ik vind daar een bankje in de beschutting van de wind, het is droog, en ik besluit daar mijn sandwich op te eten. Maar daar had ik buiten George gerekend&nbsp; die me zag en gelijk een praatje kwam maken. Uiteindelijk hebben we een half uur over onze levens zitten praten, en hoe je er zin aan kunt geven. Erg leuk, maar aan de sandwich ben ik niet toegekomen. Toen ging het weer regenen en gingen we elk ons weegs.<\/p>\n\n\n\n<figure class=\"wp-block-image size-large\"><img loading=\"lazy\" decoding=\"async\" width=\"768\" height=\"1024\" src=\"https:\/\/rekersmegens.nl\/fietstochten_jan\/wp-content\/uploads\/2024\/05\/dsc013322236189728118641490-768x1024.jpg\" alt=\"\" class=\"wp-image-1555\" srcset=\"https:\/\/rekersmegens.nl\/fietstochten_jan\/wp-content\/uploads\/2024\/05\/dsc013322236189728118641490-768x1024.jpg 768w, https:\/\/rekersmegens.nl\/fietstochten_jan\/wp-content\/uploads\/2024\/05\/dsc013322236189728118641490-225x300.jpg 225w, https:\/\/rekersmegens.nl\/fietstochten_jan\/wp-content\/uploads\/2024\/05\/dsc013322236189728118641490.jpg 918w\" sizes=\"auto, (max-width: 768px) 100vw, 768px\" \/><figcaption class=\"wp-element-caption\">De trotse stadspoort van Reynel<\/figcaption><\/figure>\n\n\n\n<figure class=\"wp-block-image size-large\"><img loading=\"lazy\" decoding=\"async\" width=\"1000\" height=\"750\" src=\"https:\/\/rekersmegens.nl\/fietstochten_jan\/wp-content\/uploads\/2024\/05\/dsc013342565792966804436604.jpg\" alt=\"\" class=\"wp-image-1556\" srcset=\"https:\/\/rekersmegens.nl\/fietstochten_jan\/wp-content\/uploads\/2024\/05\/dsc013342565792966804436604.jpg 1000w, https:\/\/rekersmegens.nl\/fietstochten_jan\/wp-content\/uploads\/2024\/05\/dsc013342565792966804436604-300x225.jpg 300w, https:\/\/rekersmegens.nl\/fietstochten_jan\/wp-content\/uploads\/2024\/05\/dsc013342565792966804436604-768x576.jpg 768w\" sizes=\"auto, (max-width: 1000px) 100vw, 1000px\" \/><\/figure>\n\n\n\n<figure class=\"wp-block-image size-large\"><img loading=\"lazy\" decoding=\"async\" width=\"750\" height=\"1000\" src=\"https:\/\/rekersmegens.nl\/fietstochten_jan\/wp-content\/uploads\/2024\/05\/20240506_1422282836838290582579678.jpg\" alt=\"\" class=\"wp-image-1557\" srcset=\"https:\/\/rekersmegens.nl\/fietstochten_jan\/wp-content\/uploads\/2024\/05\/20240506_1422282836838290582579678.jpg 750w, https:\/\/rekersmegens.nl\/fietstochten_jan\/wp-content\/uploads\/2024\/05\/20240506_1422282836838290582579678-225x300.jpg 225w\" sizes=\"auto, (max-width: 750px) 100vw, 750px\" \/><figcaption class=\"wp-element-caption\">Dat is George die kwam kletsen<\/figcaption><\/figure>\n\n\n\n<p class=\"wp-block-paragraph\">Na een waanzinnige afdaling en nog een stuk door verdronken land kom ik aan bij camping Le Moulin.<\/p>\n\n\n\n<figure class=\"wp-block-image size-large\"><img loading=\"lazy\" decoding=\"async\" width=\"1000\" height=\"750\" src=\"https:\/\/rekersmegens.nl\/fietstochten_jan\/wp-content\/uploads\/2024\/05\/dsc013355267848100105354608.jpg\" alt=\"\" class=\"wp-image-1565\" srcset=\"https:\/\/rekersmegens.nl\/fietstochten_jan\/wp-content\/uploads\/2024\/05\/dsc013355267848100105354608.jpg 1000w, https:\/\/rekersmegens.nl\/fietstochten_jan\/wp-content\/uploads\/2024\/05\/dsc013355267848100105354608-300x225.jpg 300w, https:\/\/rekersmegens.nl\/fietstochten_jan\/wp-content\/uploads\/2024\/05\/dsc013355267848100105354608-768x576.jpg 768w\" sizes=\"auto, (max-width: 1000px) 100vw, 1000px\" \/><figcaption class=\"wp-element-caption\">Dit zie je overal: enorm veel water door al die regen<\/figcaption><\/figure>\n\n\n\n<p class=\"wp-block-paragraph\">De camping is inderdaad Nederlands gerund, ik kan een mobile home huren voor 55 euro per nacht, en ze hebben een wasmachine.\u00a0 Misschien komt het toch nog goed&#8230;\u00a0 ik neem een hete douche, trek een wonderbaarlijk assortie van reserve kleding aan, gooi bijna alles in de wasmachine\u00a0 en kom eindelijk aan die sandwiches toe.<\/p>\n\n\n\n<p class=\"wp-block-paragraph\">Als ik de tent probeer te drogen breekt die verdomde stok opnieuw, op een nieuwe plek. Dit keer maak ik van een zandharing een spalk die ik met 5 tiewraps vastzet. Hoop dat dat helpt. Maar ondertussen begint de zon te schijnen en droogt tent en slaapzak. Er gloort weer voorzichtig hoop aan de horizon. Het mobile home is wel een enorme bende aan het worden<\/p>\n\n\n\n<figure class=\"wp-block-image size-large\"><img loading=\"lazy\" decoding=\"async\" width=\"1000\" height=\"750\" src=\"https:\/\/rekersmegens.nl\/fietstochten_jan\/wp-content\/uploads\/2024\/05\/dsc013375338828215041541324.jpg\" alt=\"\" class=\"wp-image-1558\" srcset=\"https:\/\/rekersmegens.nl\/fietstochten_jan\/wp-content\/uploads\/2024\/05\/dsc013375338828215041541324.jpg 1000w, https:\/\/rekersmegens.nl\/fietstochten_jan\/wp-content\/uploads\/2024\/05\/dsc013375338828215041541324-300x225.jpg 300w, https:\/\/rekersmegens.nl\/fietstochten_jan\/wp-content\/uploads\/2024\/05\/dsc013375338828215041541324-768x576.jpg 768w\" sizes=\"auto, (max-width: 1000px) 100vw, 1000px\" \/><\/figure>\n\n\n\n<figure class=\"wp-block-image size-large\"><img loading=\"lazy\" decoding=\"async\" width=\"1000\" height=\"750\" src=\"https:\/\/rekersmegens.nl\/fietstochten_jan\/wp-content\/uploads\/2024\/05\/20240506_1825596771211605049496523.jpg\" alt=\"\" class=\"wp-image-1559\" srcset=\"https:\/\/rekersmegens.nl\/fietstochten_jan\/wp-content\/uploads\/2024\/05\/20240506_1825596771211605049496523.jpg 1000w, https:\/\/rekersmegens.nl\/fietstochten_jan\/wp-content\/uploads\/2024\/05\/20240506_1825596771211605049496523-300x225.jpg 300w, https:\/\/rekersmegens.nl\/fietstochten_jan\/wp-content\/uploads\/2024\/05\/20240506_1825596771211605049496523-768x576.jpg 768w\" sizes=\"auto, (max-width: 1000px) 100vw, 1000px\" \/><\/figure>\n\n\n\n<p class=\"wp-block-paragraph\">Ik stop (voorlopig) nog even niet!<\/p>\n","protected":false},"excerpt":{"rendered":"<p>Ik zit er een beetje doorheen. Vooral omdat ongeveer al mijn kleren en slaapzak vochtig, klam en koud zijn en ook nog stinken. Het heeft de hele nacht geregend en blijft vandaag ook regenen, dus iets droog krijgen zit er niet in. Zo is er geen donder aan kamperen en fietsen. Ik put hoop uit [&hellip;]<\/p>\n","protected":false},"author":2,"featured_media":0,"comment_status":"closed","ping_status":"closed","sticky":false,"template":"","format":"standard","meta":{"_jetpack_newsletter_access":"","_jetpack_dont_email_post_to_subs":false,"_jetpack_newsletter_tier_id":0,"_jetpack_memberships_contains_paywalled_content":false,"_jetpack_feature_clip_id":0,"_jetpack_memberships_contains_paid_content":false,"footnotes":"","jetpack_post_was_ever_published":false},"categories":[16],"tags":[],"class_list":["post-1560","post","type-post","status-publish","format-standard","hentry","category-barcelona"],"jetpack_sharing_enabled":true,"jetpack_featured_media_url":"","_links":{"self":[{"href":"https:\/\/rekersmegens.nl\/fietstochten_jan\/wp-json\/wp\/v2\/posts\/1560","targetHints":{"allow":["GET"]}}],"collection":[{"href":"https:\/\/rekersmegens.nl\/fietstochten_jan\/wp-json\/wp\/v2\/posts"}],"about":[{"href":"https:\/\/rekersmegens.nl\/fietstochten_jan\/wp-json\/wp\/v2\/types\/post"}],"author":[{"embeddable":true,"href":"https:\/\/rekersmegens.nl\/fietstochten_jan\/wp-json\/wp\/v2\/users\/2"}],"replies":[{"embeddable":true,"href":"https:\/\/rekersmegens.nl\/fietstochten_jan\/wp-json\/wp\/v2\/comments?post=1560"}],"version-history":[{"count":3,"href":"https:\/\/rekersmegens.nl\/fietstochten_jan\/wp-json\/wp\/v2\/posts\/1560\/revisions"}],"predecessor-version":[{"id":1566,"href":"https:\/\/rekersmegens.nl\/fietstochten_jan\/wp-json\/wp\/v2\/posts\/1560\/revisions\/1566"}],"wp:attachment":[{"href":"https:\/\/rekersmegens.nl\/fietstochten_jan\/wp-json\/wp\/v2\/media?parent=1560"}],"wp:term":[{"taxonomy":"category","embeddable":true,"href":"https:\/\/rekersmegens.nl\/fietstochten_jan\/wp-json\/wp\/v2\/categories?post=1560"},{"taxonomy":"post_tag","embeddable":true,"href":"https:\/\/rekersmegens.nl\/fietstochten_jan\/wp-json\/wp\/v2\/tags?post=1560"}],"curies":[{"name":"wp","href":"https:\/\/api.w.org\/{rel}","templated":true}]}}